{"id":7227,"date":"2023-09-15T19:32:59","date_gmt":"2023-09-15T17:32:59","guid":{"rendered":"https:\/\/www.eis-macher.de\/?p=7227"},"modified":"2023-09-22T16:39:59","modified_gmt":"2023-09-22T14:39:59","slug":"postre-otonal-con-helado-de-vainilla-y-kuerbis","status":"publish","type":"post","link":"https:\/\/www.eis-macher.de\/es\/inspirationen\/herbstliches-dessert-mit-vanille-eis-und-kuerbis\/","title":{"rendered":"Postre de oto\u00f1o con helado de vainilla y calabaza"},"content":{"rendered":"<div class=\"wp-block-image\">\n<figure class=\"aligncenter size-medium\"><img loading=\"lazy\" decoding=\"async\" width=\"512\" height=\"384\" sizes=\"auto, (max-width: 512px) 100vw, 512px\" src=\"https:\/\/www.eis-macher.de\/wp-content\/uploads\/2023\/09\/Vanille-Kuerbis-Eisbecher-512x384.jpg\" alt=\"Vanille-Eis mit karamellisierten K\u00fcrbis, Kernen und K\u00fcrbiskern\u00f6l ergibt ein sch\u00f6nes herbstliches Dessert.\" class=\"wp-image-7236\" srcset=\"https:\/\/www.eis-macher.de\/wp-content\/uploads\/2023\/09\/Vanille-Kuerbis-Eisbecher-512x384.jpg 512w, https:\/\/www.eis-macher.de\/wp-content\/uploads\/2023\/09\/Vanille-Kuerbis-Eisbecher-1024x768.jpg 1024w, https:\/\/www.eis-macher.de\/wp-content\/uploads\/2023\/09\/Vanille-Kuerbis-Eisbecher-768x576.jpg 768w, https:\/\/www.eis-macher.de\/wp-content\/uploads\/2023\/09\/Vanille-Kuerbis-Eisbecher-500x375.jpg 500w, https:\/\/www.eis-macher.de\/wp-content\/uploads\/2023\/09\/Vanille-Kuerbis-Eisbecher-1536x1152.jpg 1536w, https:\/\/www.eis-macher.de\/wp-content\/uploads\/2023\/09\/Vanille-Kuerbis-Eisbecher-2048x1536.jpg 2048w, https:\/\/www.eis-macher.de\/wp-content\/uploads\/2023\/09\/Vanille-Kuerbis-Eisbecher-16x12.jpg 16w\" \/><figcaption class=\"wp-element-caption\">Vanille-Eis mit karamellisierten K\u00fcrbis, Kernen und K\u00fcrbiskern\u00f6l ergibt ein sch\u00f6nes herbstliches Dessert.<\/figcaption><\/figure>\n<\/div>\n\n\n<p>Ein <strong>herbstliches Dessert<\/strong> ist genau richtig f\u00fcr diese Jahreszeit. Es gibt noch sch\u00f6ne warme Tage und ab und zu schleichen sich die ersten Regentage ein. Aber selbst wenn es k\u00e4lter wird, kann uns das nicht davon abhalten, unser geliebtes Eis zu genie\u00dfen!<\/p>\n\n\n\n<p>Passend zum Herbst habe ich euch eine tolle Eis-Inspiration gezaubert: <strong>Vanille-Eis<\/strong> garniert mit <strong>karamellisierten K\u00fcrbisscheiben und K\u00fcrbiskernen<\/strong>, das Ganze abgerundet mit einem Spritzer <strong>K\u00fcrbiskern\u00f6l<\/strong>.<\/p>\n\n\n\n<p>In <strong>\u00d6sterreich<\/strong> habe ich die Kombination aus K\u00fcrbiskern\u00f6l und Vanille-Eis zum ersten mal kennen und lieben gelernt. Obwohl ich zugeben muss, dass ich das \u00d6l lieber etwas sparsamer verwende als ich es bisher erlebt habe. Aber die Liebe zum K\u00fcrbiskern\u00f6l kennt dort einfach keine Grenzen. \ud83d\ude09<\/p>\n\n\n\n<p>Im ersten Moment klingt es ungew\u00f6hnlich, aber die Kombination aus dem <strong>nussigen K\u00fcrbiskern\u00f6l <\/strong>und dem <strong>cremigen Vanille-Eis<\/strong> wird auch dich sicherlich \u00fcberzeugen. Und es ist auf jeden Fall ein echtes Highlight f\u00fcr jedes Men\u00fc.<\/p>\n\n\n\n<p>Entweder du verwendest <strong>selbst gemachtes Vanille-Eis <\/strong>oder <strong>gekauftes<\/strong>. Beim Selbermachen habt ihr die Wahl zwischen der <a href=\"https:\/\/www.eis-macher.de\/rezepte\/vanilleeis-ohne-ei\/\" data-type=\"post\" data-id=\"17\">klassischen Variante<\/a> und der <a href=\"https:\/\/www.eis-macher.de\/rezepte\/vanille-eis-vegan-und-zuckerreduziert\/\" data-type=\"post\" data-id=\"4481\">veganen, zuckerreduzierten Variante<\/a>. Sehr gut passt auch mein <a href=\"https:\/\/www.eis-macher.de\/rezepte\/cashew-eis-milcheis-mit-vanille\/\" data-type=\"post\" data-id=\"2573\">Cashew-Eis mit Vanille<\/a> zu diesem herbstlichen Dessert.<\/p>\n\n\n<div class=\"atkp-container atkp-grid_3_columns-box  atkp-template-grid_3_columns\">\n            <div class=\"atkp-clearfix atkp-box-3-cols \">\n                            <div class=\"atkp-box atkp-smallbox atkp-box-3-cols-item atkp-clearfix \">\n                    <div class=\"atkp-thumb\">\n                                                    <a href=\"https:\/\/www.amazon.de\/dp\/B08YXJ412X?tag=eismacher-21&amp;linkCode=ogi&amp;th=1&amp;psc=1\" rel=\"sponsored nofollow noopener\" target=\"_blank\" onclick=\"_paq.push([&#039;trackEvent&#039;, &#039;affiliate-toolkit Link&#039;, &#039;Link (grid_3_columns, Amazon)&#039;, &#039; (Zubeh\u00f6r_Aufbewahrung)&#039;]);\" title=\"Jetzt kaufen bei Amazon\"><img decoding=\"async\" class=\"atkp-image\"\n                                                                                 src=\"https:\/\/www.eis-macher.de\/es\/\/?a_image=1&amp;pid=6232&amp;lid=6528&amp;sid=5890&amp;name=aHR0cHM6Ly9tLm1lZGlhLWFtYXpvbi5jb20vaW1hZ2VzL0kvNTFaOXIrWWFQSFMuX1NMMTYwXy5qcGc%3D&amp;key=0e068039be445552de407ab80bb14f7654129d2acdc6ce3bf3dbb71699c640e5\"\n                                                                                 alt=\"Vtopmart Vorratsdosen mit Deckel Luftdicht, Set mit 16 Vorratsbeh&auml;lter, BPA-frei, K&uuml;chen Aufbewahrungsboxen f&uuml;r Mehl, Zucker, K&ouml;rner, Mit Schreibstift und Etikett\"\/><\/a>\n                                            <\/div>\n                    <div class=\"atkp-content\">\n                                                    <a class=\"atkp-title\" href=\"https:\/\/www.amazon.de\/dp\/B08YXJ412X?tag=eismacher-21&amp;linkCode=ogi&amp;th=1&amp;psc=1\" rel=\"sponsored nofollow noopener\" target=\"_blank\" onclick=\"_paq.push([&#039;trackEvent&#039;, &#039;affiliate-toolkit Link&#039;, &#039;Link (grid_3_columns, Amazon)&#039;, &#039; (Zubeh\u00f6r_Aufbewahrung)&#039;]);\" title=\"Jetzt kaufen bei Amazon\">Vtopmart Vorratsdosen mit Deckel Luftdicht, Set mit 16 Vorratsbeh&auml;lter, BPA-frei, K&uuml;chen Aufbewahrungsboxen f&uuml;r Mehl, Zucker, K&ouml;rner, Mit Schreibstift und Etikett*<\/a>\n                                                <div class=\"atkp-author\">by Vtopmart<\/div>\n                    <\/div>\n                    <div class=\"atkp-bottom\">\n                        <div class=\"atkp-ratingbar\">\n                                                        <div class=\"atkp-primelogo\"><\/div>\n                            <div class=\"atkp-clearfix\"><\/div>\n                        <\/div>\n                                                    <span class=\"atkp-price atkp-saleprice\">\n                                Price: &euro; 30,99\n                                                                    <span class=\"atkp_price atkp-baseprice\">(&euro; 1,94 \/ St&uuml;ck)<\/span>\n                                                            <\/span>\n                                                                            <a href=\"https:\/\/www.amazon.de\/dp\/B08YXJ412X?tag=eismacher-21&amp;linkCode=ogi&amp;th=1&amp;psc=1\" rel=\"sponsored nofollow noopener\" target=\"_blank\" onclick=\"_paq.push([&#039;trackEvent&#039;, &#039;affiliate-toolkit Link&#039;, &#039;Link (grid_3_columns, Amazon)&#039;, &#039; (Zubeh\u00f6r_Aufbewahrung)&#039;]);\" title=\"Jetzt kaufen bei Amazon\" class=\"atkp-button\">Jetzt auf Amazon kaufen*<\/a>\n                        \n                        \n                                                    <span class=\"atkp-priceinfo\">Preis inkl. MwSt., zzgl. Versandkosten<\/span>\n                                                                            <div class=\"atkp-shoplogo\">Amazon<\/div>\n                                            <\/div>\n                <\/div>\n                            <div class=\"atkp-box atkp-smallbox atkp-box-3-cols-item atkp-clearfix \">\n                    <div class=\"atkp-thumb\">\n                                                    <a href=\"https:\/\/www.amazon.de\/dp\/B09XV83PQ5?tag=eismacher-21&amp;linkCode=ogi&amp;th=1&amp;psc=1\" rel=\"sponsored nofollow noopener\" target=\"_blank\" onclick=\"_paq.push([&#039;trackEvent&#039;, &#039;affiliate-toolkit Link&#039;, &#039;Link (grid_3_columns, Amazon)&#039;, &#039; (Zubeh\u00f6r_Aufbewahrung)&#039;]);\" title=\"Jetzt kaufen bei Amazon\"><img decoding=\"async\" class=\"atkp-image\"\n                                                                                 src=\"https:\/\/www.eis-macher.de\/es\/\/?a_image=1&amp;pid=6101&amp;lid=6528&amp;sid=5890&amp;name=aHR0cHM6Ly9tLm1lZGlhLWFtYXpvbi5jb20vaW1hZ2VzL0kvMjFpYVJoQVpRY0wuX1NMMTYwXy5qcGc%3D&amp;key=0a2440fa2259edb177ebca84c6b4d02f63224e76eef715b70bb7a6aa7258d1d1\"\n                                                                                 alt=\"SPRINGLANE 2er-Set Eisbeh&auml;lter f&uuml;r Speiseeis 1 L, Aufbewahrungsbeh&auml;lter, Gefrierdosen, Eis-Container BPA-frei in Lebensmittelqualit&auml;t\"\/><\/a>\n                                            <\/div>\n                    <div class=\"atkp-content\">\n                                                    <a class=\"atkp-title\" href=\"https:\/\/www.amazon.de\/dp\/B09XV83PQ5?tag=eismacher-21&amp;linkCode=ogi&amp;th=1&amp;psc=1\" rel=\"sponsored nofollow noopener\" target=\"_blank\" onclick=\"_paq.push([&#039;trackEvent&#039;, &#039;affiliate-toolkit Link&#039;, &#039;Link (grid_3_columns, Amazon)&#039;, &#039; (Zubeh\u00f6r_Aufbewahrung)&#039;]);\" title=\"Jetzt kaufen bei Amazon\">SPRINGLANE 2er-Set Eisbeh&auml;lter f&uuml;r Speiseeis 1 L, Aufbewahrungsbeh&auml;lter, Gefrierdosen, Eis-Container BPA-frei in Lebensmittelqualit&auml;t*<\/a>\n                                                <div class=\"atkp-author\">by Springlane<\/div>\n                    <\/div>\n                    <div class=\"atkp-bottom\">\n                        <div class=\"atkp-ratingbar\">\n                                                        <div class=\"atkp-primelogo\"><\/div>\n                            <div class=\"atkp-clearfix\"><\/div>\n                        <\/div>\n                                                    <span class=\"atkp-price atkp-saleprice\">\n                                Price: &euro; 24,99\n                                                                    <span class=\"atkp_price atkp-baseprice\">(&euro; 12,50 \/ St&uuml;ck)<\/span>\n                                                            <\/span>\n                                                                            <a href=\"https:\/\/www.amazon.de\/dp\/B09XV83PQ5?tag=eismacher-21&amp;linkCode=ogi&amp;th=1&amp;psc=1\" rel=\"sponsored nofollow noopener\" target=\"_blank\" onclick=\"_paq.push([&#039;trackEvent&#039;, &#039;affiliate-toolkit Link&#039;, &#039;Link (grid_3_columns, Amazon)&#039;, &#039; (Zubeh\u00f6r_Aufbewahrung)&#039;]);\" title=\"Jetzt kaufen bei Amazon\" class=\"atkp-button\">Jetzt auf Amazon kaufen*<\/a>\n                        \n                        \n                                                    <span class=\"atkp-priceinfo\">Preis inkl. MwSt., zzgl. Versandkosten<\/span>\n                                                                            <div class=\"atkp-shoplogo\">Amazon<\/div>\n                                            <\/div>\n                <\/div>\n                            <div class=\"atkp-box atkp-smallbox atkp-box-3-cols-item atkp-clearfix \">\n                    <div class=\"atkp-thumb\">\n                                                    <a href=\"https:\/\/www.amazon.de\/dp\/B007Z0WGFA?tag=eismacher-21&amp;linkCode=ogi&amp;th=1&amp;psc=1\" rel=\"sponsored nofollow noopener\" target=\"_blank\" onclick=\"_paq.push([&#039;trackEvent&#039;, &#039;affiliate-toolkit Link&#039;, &#039;Link (grid_3_columns, Amazon)&#039;, &#039; (Zubeh\u00f6r_Aufbewahrung)&#039;]);\" title=\"Jetzt kaufen bei Amazon\"><img decoding=\"async\" class=\"atkp-image\"\n                                                                                 src=\"https:\/\/www.eis-macher.de\/es\/\/?a_image=1&amp;pid=6236&amp;lid=6528&amp;sid=5890&amp;name=aHR0cHM6Ly9tLm1lZGlhLWFtYXpvbi5jb20vaW1hZ2VzL0kvMzF3Yit5K1ZLUEwuX1NMMTYwXy5qcGc%3D&amp;key=6d2ef9eeb3e796ef00f38c38fc68e412784dccfee89acc3d1ceb9c88e0fc6df3\"\n                                                                                 alt=\"IJsdipper aluminium St&ouml;ckel A16 silver 1\/16 ltr\"\/><\/a>\n                                            <\/div>\n                    <div class=\"atkp-content\">\n                                                    <a class=\"atkp-title\" href=\"https:\/\/www.amazon.de\/dp\/B007Z0WGFA?tag=eismacher-21&amp;linkCode=ogi&amp;th=1&amp;psc=1\" rel=\"sponsored nofollow noopener\" target=\"_blank\" onclick=\"_paq.push([&#039;trackEvent&#039;, &#039;affiliate-toolkit Link&#039;, &#039;Link (grid_3_columns, Amazon)&#039;, &#039; (Zubeh\u00f6r_Aufbewahrung)&#039;]);\" title=\"Jetzt kaufen bei Amazon\">IJsdipper aluminium St&ouml;ckel A16 silver 1\/16 ltr*<\/a>\n                                                <div class=\"atkp-author\">by St&ouml;ckel<\/div>\n                    <\/div>\n                    <div class=\"atkp-bottom\">\n                        <div class=\"atkp-ratingbar\">\n                                                        <div class=\"atkp-primelogo\"><\/div>\n                            <div class=\"atkp-clearfix\"><\/div>\n                        <\/div>\n                                                    <span class=\"atkp-price atkp-saleprice\">\n                                Price: &euro; 32,00\n                                                                    <span class=\"atkp_price atkp-baseprice\"><\/span>\n                                                            <\/span>\n                                                                            <a href=\"https:\/\/www.amazon.de\/dp\/B007Z0WGFA?tag=eismacher-21&amp;linkCode=ogi&amp;th=1&amp;psc=1\" rel=\"sponsored nofollow noopener\" target=\"_blank\" onclick=\"_paq.push([&#039;trackEvent&#039;, &#039;affiliate-toolkit Link&#039;, &#039;Link (grid_3_columns, Amazon)&#039;, &#039; (Zubeh\u00f6r_Aufbewahrung)&#039;]);\" title=\"Jetzt kaufen bei Amazon\" class=\"atkp-button\">Jetzt auf Amazon kaufen*<\/a>\n                        \n                        \n                                                    <span class=\"atkp-priceinfo\">Preis inkl. MwSt., zzgl. Versandkosten<\/span>\n                                                                            <div class=\"atkp-shoplogo\">Amazon<\/div>\n                                            <\/div>\n                <\/div>\n                    <\/div>\n                    <span class=\"atkp-disclaimer\">Zuletzt aktualisiert am 30. abril 2026 um 0:58 . Wir weisen darauf hin, dass sich hier angezeigte Preise inzwischen ge\u00e4ndert haben k\u00f6nnen. Alle Angaben ohne Gew\u00e4hr.<\/span>\n            <\/div>\n\n\n\n\n<div class=\"wp-block-rank-math-toc-block\" id=\"rank-math-toc\"><h2>Inhalt<\/h2><nav><ul><li><a href=\"#zutaten-vanille-eis-mit-kurbis\">Zutaten Vanille-Eis mit K\u00fcrbis<\/a><\/li><li><a href=\"#schritt-fur-schritt-anleitung-zum-perfekten-herbstlichen-eisbecher\">Schritt-f\u00fcr-Schritt Anleitung zum perfekten herbstlichen Eisbecher<\/a><ul><li><a href=\"#schritt-1-optional-vorbereitung-selbst-gemachtes-vanille-eis\">Schritt 1 (optional): Vorbereitung selbst gemachtes Vanille-Eis<\/a><\/li><li><a href=\"#schritt-2-vorbereitung-der-karamellisierten-kurbisscheiben\">Schritt 2: Vorbereitung der karamellisierten K\u00fcrbisscheiben<\/a><\/li><li><a href=\"#schritt-3-karamellisierte-kurbiskerne\">Schritt 3: Karamellisierte K\u00fcrbiskerne<\/a><\/li><li><a href=\"#schritt-4-zusammenstellung-des-herbstlichen-desserts\">Schritt 4: Zusammenstellung des herbstlichen Desserts<\/a><\/li><\/ul><\/li><\/ul><\/nav><\/div>\n\n\n\n<h2 class=\"wp-block-heading\" id=\"zutaten-vanille-eis-mit-kurbis\">Zutaten Vanille-Eis mit K\u00fcrbis<\/h2>\n\n\n\n<p>F\u00fcr 4 Portionen<br>Vorbereitungszeit: ca. 15 Minuten bzw. ca. 3 h (bei selbst gemachtem Eis)<\/p>\n\n\n\n<ul class=\"wp-block-list\">\n<li>500 g Vanille-Eis (<a href=\"https:\/\/www.eis-macher.de\/rezepte\/vanilleeis-ohne-ei\/\" data-type=\"post\" data-id=\"17\">selbst gemacht<\/a> oder gekauft)<\/li>\n\n\n\n<li>1\/2 kleiner Hokkaido-K\u00fcrbis<\/li>\n\n\n\n<li>30 g K\u00fcrbiskerne<br>                    <span style=\"white-space: nowrap;\">\r\n                        (<a href=\"https:\/\/www.amazon.de\/dp\/B07WBVWMT4?tag=eismacher-21&amp;linkCode=ogi&amp;th=1&amp;psc=1\" title=\"Senger&#039;s 2 kg Steirische K\u00fcrbiskerne K\u00fcrbiskern Rohkostqualit\u00e4t natur unbehandelt vegan gesch\u00e4lt (2 KG)\" alt=\"Senger&#039;s 2 kg Steirische K\u00fcrbiskerne K\u00fcrbiskern Rohkostqualit\u00e4t natur unbehandelt vegan gesch\u00e4lt (2 KG)\" target=\"_blank\" rel=\"noopener\">\r\n\r\n                                <span class=\"atkp-title\">z.B. Senger&#039;s 2 kg Steiri...<\/span>\r\n                                                    <span class=\"nobreak\"> ab <strong>&euro; 24,90<\/strong>\r\n                                                                            <span style=\"font-size: smaller\">(&euro; 12,45 \/ kg)<\/span>\r\n                                            <\/span>                            <\/a>)*         <\/span>     <\/li>\n\n\n\n<li>K\u00fcrbiskern\u00f6l<br>                    <span style=\"white-space: nowrap;\">\r\n                        (<a href=\"https:\/\/www.amazon.de\/dp\/B07VGRBQ28?tag=eismacher-21&amp;linkCode=ogi&amp;th=1&amp;psc=1\" title=\"Senger&#039;s Steirisches K\u00fcrbiskern\u00f6l g.g.A. 100% reines original Kern\u00f6l aus der Steiermark Premium (1000 ml)\" alt=\"Senger&#039;s Steirisches K\u00fcrbiskern\u00f6l g.g.A. 100% reines original Kern\u00f6l aus der Steiermark Premium (1000 ml)\" target=\"_blank\" rel=\"noopener\">\r\n\r\n                                <span class=\"atkp-title\">z.B. Senger&#039;s Steirisches...<\/span>\r\n                                                    <span class=\"nobreak\"> ab <strong>&euro; 29,90<\/strong>\r\n                                                                            <span style=\"font-size: smaller\">(&euro; 29,90 \/ l)<\/span>\r\n                                            <\/span>                            <\/a>)*         <\/span>     <\/li>\n\n\n\n<li>3 EL Zucker<br>                    <span style=\"white-space: nowrap;\">\r\n                        (<a href=\"https:\/\/www.amazon.de\/dp\/B07YNLKMTK?tag=eismacher-21&amp;linkCode=ogi&amp;th=1&amp;psc=1\" title=\"Reformhaus Rohrohrzucker Bio, 1 kg\" alt=\"Reformhaus Rohrohrzucker Bio, 1 kg\" target=\"_blank\" rel=\"noopener\">\r\n\r\n                                <span class=\"atkp-title\">z.B. Reformhaus Rohrohrzu...<\/span>\r\n                                                    <span class=\"nobreak\"> ab <strong>&euro; 4,99<\/strong>\r\n                                                                            <span style=\"font-size: smaller\">(&euro; 4,99 \/ kg)<\/span>\r\n                                            <\/span>                            <\/a>)*         <\/span>     <\/li>\n\n\n\n<li>etwas Butter<\/li>\n\n\n\n<li>1 Prise Salz<\/li>\n<\/ul>\n\n\n\n<h2 class=\"wp-block-heading\" id=\"schritt-fur-schritt-anleitung-zum-perfekten-herbstlichen-eisbecher\">Schritt-f\u00fcr-Schritt Anleitung zum perfekten herbstlichen Eisbecher<\/h2>\n\n\n\n<h3 class=\"wp-block-heading\" id=\"schritt-1-optional-vorbereitung-selbst-gemachtes-vanille-eis\">Schritt 1 (optional): Vorbereitung selbst gemachtes Vanille-Eis<\/h3>\n\n\n\n<ol class=\"wp-block-list\">\n<li>Bereite das <a href=\"https:\/\/www.eis-macher.de\/rezepte\/vanilleeis-ohne-ei\/\" data-type=\"post\" data-id=\"17\">Vanille-Eis entsprechend der Anleitung<\/a> zu.<\/li>\n\n\n\n<li>Die beste Konsistenz hat es nach ca. 2 h im Gefrierfach.<\/li>\n<\/ol>\n\n\n\n<h3 class=\"wp-block-heading\" id=\"schritt-2-vorbereitung-der-karamellisierten-kurbisscheiben\">Schritt 2: Vorbereitung der karamellisierten K\u00fcrbisscheiben<\/h3>\n\n\n<div class=\"wp-block-image\">\n<figure class=\"aligncenter size-full\"><img loading=\"lazy\" decoding=\"async\" width=\"328\" height=\"328\" sizes=\"auto, (max-width: 328px) 100vw, 328px\" src=\"https:\/\/www.eis-macher.de\/wp-content\/uploads\/2023\/09\/Vanille-Kuerbis-Eisbecher_1.jpg\" alt=\"Die K\u00fcrbisscheiben werden in einer Pfanne gebraten und anschlie\u00dfend mit Zucker karamellisiert.\" class=\"wp-image-7253\" srcset=\"https:\/\/www.eis-macher.de\/wp-content\/uploads\/2023\/09\/Vanille-Kuerbis-Eisbecher_1.jpg 328w, https:\/\/www.eis-macher.de\/wp-content\/uploads\/2023\/09\/Vanille-Kuerbis-Eisbecher_1-150x150.jpg 150w, https:\/\/www.eis-macher.de\/wp-content\/uploads\/2023\/09\/Vanille-Kuerbis-Eisbecher_1-12x12.jpg 12w\" \/><figcaption class=\"wp-element-caption\">Die K\u00fcrbisscheiben werden in einer Pfanne gebraten und anschlie\u00dfend mit Zucker karamellisiert.<\/figcaption><\/figure>\n<\/div>\n\n\n<ol class=\"wp-block-list\">\n<li>Halbiere den K\u00fcrbis und entferne die Kerne mit einem L\u00f6ffel. Bei Hokkaido musst du die Schale nicht entfernen, aber wasch ihn gut ab.<\/li>\n\n\n\n<li>Schneide den K\u00fcrbis in d\u00fcnne Scheiben (ca. 2 mm) oder mache sehr d\u00fcnne Scheiben mit einem Sparsch\u00e4ler                     <span style=\"white-space: nowrap;\">\r\n                        (<a href=\"https:\/\/www.amazon.de\/dp\/B09X355BYL?tag=eismacher-21&amp;linkCode=ogi&amp;th=1&amp;psc=1\" title=\"Yoosso 2 St\u00fcck Sparsch\u00e4ler, 14,5\u00d77,5cm Sch\u00e4ler Gem\u00fcse Universalsch\u00e4ler Edelstahl Kartoffelsch\u00e4ler Spargelsch\u00e4ler f\u00fcr Gem\u00fcse Obst(Schwarz&amp;Gr\u00fcn)\" alt=\"Yoosso 2 St\u00fcck Sparsch\u00e4ler, 14,5\u00d77,5cm Sch\u00e4ler Gem\u00fcse Universalsch\u00e4ler Edelstahl Kartoffelsch\u00e4ler Spargelsch\u00e4ler f\u00fcr Gem\u00fcse Obst(Schwarz&amp;Gr\u00fcn)\" target=\"_blank\" rel=\"noopener\">\r\n\r\n                                <span class=\"atkp-title\">z.B. Yoosso 2 St\u00fcck Spars...<\/span>\r\n                                                    <span class=\"nobreak\"> ab <strong>&euro; 3,39<\/strong>\r\n                                                                    <\/span>                            <\/a>)*         <\/span>     .<\/li>\n\n\n\n<li>In einer Pfanne etwas Butter schmelzen lassen.<\/li>\n\n\n\n<li>Die K\u00fcrbisscheiben in der Pfanne f\u00fcr ca. 5 Minuten (je nach Dicke) braten, bis sie etwas weich und golden sind.<\/li>\n\n\n\n<li>2 EL Zucker dar\u00fcber streuen und unter R\u00fchren in der Pfanne karamellisieren lassen.<\/li>\n\n\n\n<li>Lass die Scheiben auf einem Teller abk\u00fchlen.<\/li>\n<\/ol>\n\n\n\n<h3 class=\"wp-block-heading\" id=\"schritt-3-karamellisierte-kurbiskerne\">Schritt 3: Karamellisierte K\u00fcrbiskerne<\/h3>\n\n\n<div class=\"wp-block-image\">\n<figure class=\"aligncenter size-full\"><img loading=\"lazy\" decoding=\"async\" width=\"348\" height=\"348\" sizes=\"auto, (max-width: 348px) 100vw, 348px\" src=\"https:\/\/www.eis-macher.de\/wp-content\/uploads\/2023\/09\/Vanille-Kuerbis-Eisbecher_2.jpg\" alt=\"Die K\u00fcrbiskerne werden ebenfalls in einer Pfanne mit Zucker karamellisiert.\" class=\"wp-image-7254\" srcset=\"https:\/\/www.eis-macher.de\/wp-content\/uploads\/2023\/09\/Vanille-Kuerbis-Eisbecher_2.jpg 348w, https:\/\/www.eis-macher.de\/wp-content\/uploads\/2023\/09\/Vanille-Kuerbis-Eisbecher_2-150x150.jpg 150w, https:\/\/www.eis-macher.de\/wp-content\/uploads\/2023\/09\/Vanille-Kuerbis-Eisbecher_2-12x12.jpg 12w\" \/><figcaption class=\"wp-element-caption\">Die K\u00fcrbiskerne werden ebenfalls in einer Pfanne mit Zucker karamellisiert.<\/figcaption><\/figure>\n<\/div>\n\n\n<ol class=\"wp-block-list\">\n<li>Streue 1 EL Zucker in eine Pfanne ohne Fett und lass den Zucker schmelzen.<\/li>\n\n\n\n<li>Gib dann die K\u00fcrbiskerne hinzu und verr\u00fchre alles gut, so dass die K\u00fcrbiskerne mit dem Zucker umh\u00fcllt sind.<\/li>\n\n\n\n<li>Lass die K\u00fcrbiskerne auf einem Teller abk\u00fchlen.<\/li>\n<\/ol>\n\n\n\n<h3 class=\"wp-block-heading\" id=\"schritt-4-zusammenstellung-des-herbstlichen-desserts\">Schritt 4: Zusammenstellung des herbstlichen Desserts<\/h3>\n\n\n\n<figure class=\"wp-block-gallery has-nested-images columns-default is-cropped wp-block-gallery-1 is-layout-flex wp-block-gallery-is-layout-flex\">\n<figure class=\"wp-block-image size-large\"><img loading=\"lazy\" decoding=\"async\" width=\"505\" height=\"505\" data-id=\"7255\" src=\"https:\/\/www.eis-macher.de\/wp-content\/uploads\/2023\/09\/Vanille-Kuerbis-Eisbecher_3.jpg\" alt=\"Die erste Schicht besteht aus karamellisierten K\u00fcrbisscheiben.\" class=\"wp-image-7255\" srcset=\"https:\/\/www.eis-macher.de\/wp-content\/uploads\/2023\/09\/Vanille-Kuerbis-Eisbecher_3.jpg 505w, https:\/\/www.eis-macher.de\/wp-content\/uploads\/2023\/09\/Vanille-Kuerbis-Eisbecher_3-150x150.jpg 150w, https:\/\/www.eis-macher.de\/wp-content\/uploads\/2023\/09\/Vanille-Kuerbis-Eisbecher_3-500x500.jpg 500w, https:\/\/www.eis-macher.de\/wp-content\/uploads\/2023\/09\/Vanille-Kuerbis-Eisbecher_3-12x12.jpg 12w\" sizes=\"auto, (max-width: 505px) 100vw, 505px\" \/><figcaption class=\"wp-element-caption\">Die erste Schicht besteht aus karamellisierten K\u00fcrbisscheiben.<\/figcaption><\/figure>\n\n\n\n<figure class=\"wp-block-image size-large\"><img loading=\"lazy\" decoding=\"async\" width=\"440\" height=\"440\" data-id=\"7256\" src=\"https:\/\/www.eis-macher.de\/wp-content\/uploads\/2023\/09\/Vanille-Kuerbis-Eisbecher_4.jpg\" alt=\"Dann folgt das Vanille-Eis.\" class=\"wp-image-7256\" srcset=\"https:\/\/www.eis-macher.de\/wp-content\/uploads\/2023\/09\/Vanille-Kuerbis-Eisbecher_4.jpg 440w, https:\/\/www.eis-macher.de\/wp-content\/uploads\/2023\/09\/Vanille-Kuerbis-Eisbecher_4-150x150.jpg 150w, https:\/\/www.eis-macher.de\/wp-content\/uploads\/2023\/09\/Vanille-Kuerbis-Eisbecher_4-12x12.jpg 12w\" sizes=\"auto, (max-width: 440px) 100vw, 440px\" \/><figcaption class=\"wp-element-caption\">Dann folgt das Vanille-Eis.<\/figcaption><\/figure>\n\n\n\n<figure class=\"wp-block-image size-large\"><img loading=\"lazy\" decoding=\"async\" width=\"456\" height=\"456\" data-id=\"7257\" src=\"https:\/\/www.eis-macher.de\/wp-content\/uploads\/2023\/09\/Vanille-Kuerbis-Eisbecher_5.jpg\" alt=\"Die Dekoration besteht aus karamellisierten K\u00fcrbiskernen, K\u00fcrbisscheiben und K\u00fcrbiskern\u00f6l.\" class=\"wp-image-7257\" srcset=\"https:\/\/www.eis-macher.de\/wp-content\/uploads\/2023\/09\/Vanille-Kuerbis-Eisbecher_5.jpg 456w, https:\/\/www.eis-macher.de\/wp-content\/uploads\/2023\/09\/Vanille-Kuerbis-Eisbecher_5-150x150.jpg 150w, https:\/\/www.eis-macher.de\/wp-content\/uploads\/2023\/09\/Vanille-Kuerbis-Eisbecher_5-12x12.jpg 12w\" sizes=\"auto, (max-width: 456px) 100vw, 456px\" \/><figcaption class=\"wp-element-caption\">Die Dekoration besteht aus karamellisierten K\u00fcrbiskernen, K\u00fcrbisscheiben und K\u00fcrbiskern\u00f6l.<\/figcaption><\/figure>\n<\/figure>\n\n\n\n<ol class=\"wp-block-list\">\n<li>Beginne mit einer Schicht karamellisierter K\u00fcrbisscheiben in einem sch\u00f6nen Becher oder einer Schale.<\/li>\n\n\n\n<li>F\u00fcge zwei bis drei Kugeln Vanille-Eis hinzu.<\/li>\n\n\n\n<li>Bestreue alles gro\u00dfz\u00fcgig mit karamellisierten K\u00fcrbiskernen und f\u00fcge noch ein paar Scheiben K\u00fcrbis als Farbtupfer oben auf das Eis.<\/li>\n\n\n\n<li>Zum Schluss tr\u00e4ufle etwas K\u00fcrbiskern\u00f6l dar\u00fcber, um eine nussige Geschmacksnote und einen interessanten gr\u00fcnen Schimmer zu erhalten.<\/li>\n<\/ol>\n\n\n\n<p>Dein herbstlicher Eisbecher ist fertig zum Genie\u00dfen! Lass es dir Schmecken und schreibe gerne im Kommentar, wie dir die Kombination aus K\u00fcrbiskern\u00f6l und Vanille-Eis geschmeckt hat.<\/p>\n\n\n<div class=\"atkp-container atkp-grid_3_columns-box  atkp-template-grid_3_columns\">\n            <div class=\"atkp-clearfix atkp-box-3-cols \">\n                            <div class=\"atkp-box atkp-smallbox atkp-box-3-cols-item atkp-clearfix \">\n                    <div class=\"atkp-thumb\">\n                                                    <a href=\"https:\/\/www.amazon.de\/dp\/B002007HQI?tag=eismacher-21&amp;linkCode=ogi&amp;th=1&amp;psc=1\" rel=\"sponsored nofollow noopener\" target=\"_blank\" onclick=\"_paq.push([&#039;trackEvent&#039;, &#039;affiliate-toolkit Link&#039;, &#039;Link (grid_3_columns, Amazon)&#039;, &#039; (Eismaschine_Auswahl3)&#039;]);\" title=\"Jetzt kaufen bei Amazon\"><img decoding=\"async\" class=\"atkp-image\"\n                                                                                 src=\"https:\/\/www.eis-macher.de\/es\/\/?a_image=1&amp;pid=6300&amp;lid=6310&amp;sid=5890&amp;name=aHR0cHM6Ly9tLm1lZGlhLWFtYXpvbi5jb20vaW1hZ2VzL0kvMzFHazVDU2laK0wuX1NMMTYwXy5qcGc%3D&amp;key=d326abd77d9947efb6ec1fe26735c73281eb44776d44c9cc34773badec7bc194\"\n                                                                                 alt=\"Cuisinart Deluxe Eismaschine | Frozen Yogurt Maker &amp; Sorbet Maker | Hausgemachte Desserts | Einfach zu Hause zu verwenden | Fertig in 25 Minuten | 5 Jahre Garantie | 2L Kapazit&auml;t | Silber ICE30BCU\"\/><\/a>\n                                            <\/div>\n                    <div class=\"atkp-content\">\n                                                    <a class=\"atkp-title\" href=\"https:\/\/www.amazon.de\/dp\/B002007HQI?tag=eismacher-21&amp;linkCode=ogi&amp;th=1&amp;psc=1\" rel=\"sponsored nofollow noopener\" target=\"_blank\" onclick=\"_paq.push([&#039;trackEvent&#039;, &#039;affiliate-toolkit Link&#039;, &#039;Link (grid_3_columns, Amazon)&#039;, &#039; (Eismaschine_Auswahl3)&#039;]);\" title=\"Jetzt kaufen bei Amazon\">Cuisinart Deluxe Eismaschine | Frozen Yogurt Maker &amp; Sorbet Maker | Hausgemachte Desserts | Einfach zu Hause zu verwenden | Fertig in 25 Minuten | 5 Jahre Garantie | 2L Kapazit&auml;t | Silber ICE30BCU*<\/a>\n                                                <div class=\"atkp-author\">by Cuisinart<\/div>\n                    <\/div>\n                    <div class=\"atkp-bottom\">\n                        <div class=\"atkp-ratingbar\">\n                                                        <div class=\"atkp-primelogo\"><\/div>\n                            <div class=\"atkp-clearfix\"><\/div>\n                        <\/div>\n                                                    <span class=\"atkp-price atkp-saleprice\">\n                                Price: &euro; 108,77\n                                                                    <span class=\"atkp_price atkp-baseprice\"><\/span>\n                                                            <\/span>\n                                                                            <a href=\"https:\/\/www.amazon.de\/dp\/B002007HQI?tag=eismacher-21&amp;linkCode=ogi&amp;th=1&amp;psc=1\" rel=\"sponsored nofollow noopener\" target=\"_blank\" onclick=\"_paq.push([&#039;trackEvent&#039;, &#039;affiliate-toolkit Link&#039;, &#039;Link (grid_3_columns, Amazon)&#039;, &#039; (Eismaschine_Auswahl3)&#039;]);\" title=\"Jetzt kaufen bei Amazon\" class=\"atkp-button\">Jetzt auf Amazon kaufen*<\/a>\n                        \n                        \n                                                    <span class=\"atkp-priceinfo\">Preis inkl. MwSt., zzgl. Versandkosten<\/span>\n                                                                            <div class=\"atkp-shoplogo\">Amazon<\/div>\n                                            <\/div>\n                <\/div>\n                            <div class=\"atkp-box atkp-smallbox atkp-box-3-cols-item atkp-clearfix \">\n                    <div class=\"atkp-thumb\">\n                                                    <a href=\"https:\/\/www.amazon.de\/dp\/B078TR56PV?tag=eismacher-21&amp;linkCode=ogi&amp;th=1&amp;psc=1\" rel=\"sponsored nofollow noopener\" target=\"_blank\" onclick=\"_paq.push([&#039;trackEvent&#039;, &#039;affiliate-toolkit Link&#039;, &#039;Link (grid_3_columns, Amazon)&#039;, &#039; (Eismaschine_Auswahl3)&#039;]);\" title=\"Jetzt kaufen bei Amazon\"><img decoding=\"async\" class=\"atkp-image\"\n                                                                                 src=\"https:\/\/www.eis-macher.de\/es\/\/?a_image=1&amp;pid=6114&amp;lid=6310&amp;sid=5890&amp;name=aHR0cHM6Ly9tLm1lZGlhLWFtYXpvbi5jb20vaW1hZ2VzL0kvNDFJcWFwZWdZZkwuX1NMMTYwXy5qcGc%3D&amp;key=0b8bc36d87af98a00c0722e52711679bf74314c521155f04e108965870674111\"\n                                                                                 alt=\"SPRINGLANE Eismaschine Elli 1,2 L mit selbstk&uuml;hlendem Kompressor 135 W, Eiscrememaschine aus Edelstahl mit entnehmbarem Eisbeh&auml;lter, inkl. Rezeptheft\"\/><\/a>\n                                            <\/div>\n                    <div class=\"atkp-content\">\n                                                    <a class=\"atkp-title\" href=\"https:\/\/www.amazon.de\/dp\/B078TR56PV?tag=eismacher-21&amp;linkCode=ogi&amp;th=1&amp;psc=1\" rel=\"sponsored nofollow noopener\" target=\"_blank\" onclick=\"_paq.push([&#039;trackEvent&#039;, &#039;affiliate-toolkit Link&#039;, &#039;Link (grid_3_columns, Amazon)&#039;, &#039; (Eismaschine_Auswahl3)&#039;]);\" title=\"Jetzt kaufen bei Amazon\">SPRINGLANE Eismaschine Elli 1,2 L mit selbstk&uuml;hlendem Kompressor 135 W, Eiscrememaschine aus Edelstahl mit entnehmbarem Eisbeh&auml;lter, inkl. Rezeptheft*<\/a>\n                                                <div class=\"atkp-author\">by Springlane Kitchen<\/div>\n                    <\/div>\n                    <div class=\"atkp-bottom\">\n                        <div class=\"atkp-ratingbar\">\n                                                            <div class=\"atkp-rating\"><span class=\"atkp-star atkp-star-4 atkp-star-05\" title=\"4.5 of 5 stars\"><\/span><\/div>\n                                                        <div class=\"atkp-primelogo\"><\/div>\n                            <div class=\"atkp-clearfix\"><\/div>\n                        <\/div>\n                                                    <span class=\"atkp-price atkp-saleprice\">\n                                Price: &euro; 169,99\n                                                                    <span class=\"atkp_price atkp-baseprice\"><\/span>\n                                                            <\/span>\n                                                                            <a href=\"https:\/\/www.amazon.de\/dp\/B078TR56PV?tag=eismacher-21&amp;linkCode=ogi&amp;th=1&amp;psc=1\" rel=\"sponsored nofollow noopener\" target=\"_blank\" onclick=\"_paq.push([&#039;trackEvent&#039;, &#039;affiliate-toolkit Link&#039;, &#039;Link (grid_3_columns, Amazon)&#039;, &#039; (Eismaschine_Auswahl3)&#039;]);\" title=\"Jetzt kaufen bei Amazon\" class=\"atkp-button\">Jetzt auf Amazon kaufen*<\/a>\n                        \n                        \n                                                    <span class=\"atkp-priceinfo\">Preis inkl. MwSt., zzgl. Versandkosten<\/span>\n                                                                            <div class=\"atkp-shoplogo\">Amazon<\/div>\n                                            <\/div>\n                <\/div>\n                            <div class=\"atkp-box atkp-smallbox atkp-box-3-cols-item atkp-clearfix \">\n                    <div class=\"atkp-thumb\">\n                                                    <a href=\"https:\/\/www.amazon.de\/dp\/B0BMGFTC7W?tag=eismacher-21&amp;linkCode=ogi&amp;th=1&amp;psc=1\" rel=\"sponsored nofollow noopener\" target=\"_blank\" onclick=\"_paq.push([&#039;trackEvent&#039;, &#039;affiliate-toolkit Link&#039;, &#039;Link (grid_3_columns, Amazon)&#039;, &#039; (Eismaschine_Auswahl3)&#039;]);\" title=\"Jetzt kaufen bei Amazon\"><img decoding=\"async\" class=\"atkp-image\"\n                                                                                 src=\"https:\/\/www.eis-macher.de\/es\/\/?a_image=1&amp;pid=5891&amp;lid=6310&amp;sid=5890&amp;name=aHR0cHM6Ly9tLm1lZGlhLWFtYXpvbi5jb20vaW1hZ2VzL0kvNDFVLVkxMnVGRUwuX1NMMTYwXy5qcGc%3D&amp;key=f16d83b32e17bde9fd14ab37822d48244ac5bda5b0e9acef1d4a7c78dd70afd8\"\n                                                                                 alt=\"Unold 488729 Eismaschine Exklusiv inkl. Eisbuch mit 101 Rezepten | Speiseeisbereiter 2.0 L, Edelstahl, vollautomatischer, selbstk&uuml;hlender Kompressor, 180 W\"\/><\/a>\n                                            <\/div>\n                    <div class=\"atkp-content\">\n                                                    <a class=\"atkp-title\" href=\"https:\/\/www.amazon.de\/dp\/B0BMGFTC7W?tag=eismacher-21&amp;linkCode=ogi&amp;th=1&amp;psc=1\" rel=\"sponsored nofollow noopener\" target=\"_blank\" onclick=\"_paq.push([&#039;trackEvent&#039;, &#039;affiliate-toolkit Link&#039;, &#039;Link (grid_3_columns, Amazon)&#039;, &#039; (Eismaschine_Auswahl3)&#039;]);\" title=\"Jetzt kaufen bei Amazon\">Unold 488729 Eismaschine Exklusiv inkl. Eisbuch mit 101 Rezepten | Speiseeisbereiter 2.0 L, Edelstahl, vollautomatischer, selbstk&uuml;hlender Kompressor, 180 W*<\/a>\n                                                <div class=\"atkp-author\">by Unold AG<\/div>\n                    <\/div>\n                    <div class=\"atkp-bottom\">\n                        <div class=\"atkp-ratingbar\">\n                                                        <div class=\"atkp-primelogo\"><\/div>\n                            <div class=\"atkp-clearfix\"><\/div>\n                        <\/div>\n                                                    <span class=\"atkp-price atkp-saleprice\">\n                                Price: &euro; 339,90\n                                                                    <span class=\"atkp_price atkp-baseprice\"><\/span>\n                                                            <\/span>\n                                                                            <a href=\"https:\/\/www.amazon.de\/dp\/B0BMGFTC7W?tag=eismacher-21&amp;linkCode=ogi&amp;th=1&amp;psc=1\" rel=\"sponsored nofollow noopener\" target=\"_blank\" onclick=\"_paq.push([&#039;trackEvent&#039;, &#039;affiliate-toolkit Link&#039;, &#039;Link (grid_3_columns, Amazon)&#039;, &#039; (Eismaschine_Auswahl3)&#039;]);\" title=\"Jetzt kaufen bei Amazon\" class=\"atkp-button\">Jetzt auf Amazon kaufen*<\/a>\n                        \n                        \n                                                    <span class=\"atkp-priceinfo\">Preis inkl. MwSt., zzgl. Versandkosten<\/span>\n                                                                            <div class=\"atkp-shoplogo\">Amazon<\/div>\n                                            <\/div>\n                <\/div>\n                    <\/div>\n                    <span class=\"atkp-disclaimer\">Zuletzt aktualisiert am 30. abril 2026 um 0:47 . Wir weisen darauf hin, dass sich hier angezeigte Preise inzwischen ge\u00e4ndert haben k\u00f6nnen. Alle Angaben ohne Gew\u00e4hr.<\/span>\n            <\/div>\n\n","protected":false},"excerpt":{"rendered":"<p>Helado de vainilla adornado con rodajas de calabaza caramelizada y pipas de calabaza. El conjunto se completa con un chorrito de aceite de semillas de calabaza.<\/p>","protected":false},"author":2,"featured_media":7236,"comment_status":"open","ping_status":"open","sticky":false,"template":"","format":"standard","meta":{"_acf_changed":false,"wprm-recipe-roundup-name":"","wprm-recipe-roundup-description":"","footnotes":""},"categories":[116],"tags":[22,5,14,16],"class_list":["post-7227","post","type-post","status-publish","format-standard","has-post-thumbnail","hentry","category-inspirationen","tag-dessert","tag-eismaschine","tag-milcheis","tag-ohne-eismaschine"],"acf":[],"_links":{"self":[{"href":"https:\/\/www.eis-macher.de\/es\/wp-json\/wp\/v2\/posts\/7227","targetHints":{"allow":["GET"]}}],"collection":[{"href":"https:\/\/www.eis-macher.de\/es\/wp-json\/wp\/v2\/posts"}],"about":[{"href":"https:\/\/www.eis-macher.de\/es\/wp-json\/wp\/v2\/types\/post"}],"author":[{"embeddable":true,"href":"https:\/\/www.eis-macher.de\/es\/wp-json\/wp\/v2\/users\/2"}],"replies":[{"embeddable":true,"href":"https:\/\/www.eis-macher.de\/es\/wp-json\/wp\/v2\/comments?post=7227"}],"version-history":[{"count":21,"href":"https:\/\/www.eis-macher.de\/es\/wp-json\/wp\/v2\/posts\/7227\/revisions"}],"predecessor-version":[{"id":7259,"href":"https:\/\/www.eis-macher.de\/es\/wp-json\/wp\/v2\/posts\/7227\/revisions\/7259"}],"wp:featuredmedia":[{"embeddable":true,"href":"https:\/\/www.eis-macher.de\/es\/wp-json\/wp\/v2\/media\/7236"}],"wp:attachment":[{"href":"https:\/\/www.eis-macher.de\/es\/wp-json\/wp\/v2\/media?parent=7227"}],"wp:term":[{"taxonomy":"category","embeddable":true,"href":"https:\/\/www.eis-macher.de\/es\/wp-json\/wp\/v2\/categories?post=7227"},{"taxonomy":"post_tag","embeddable":true,"href":"https:\/\/www.eis-macher.de\/es\/wp-json\/wp\/v2\/tags?post=7227"}],"curies":[{"name":"wp","href":"https:\/\/api.w.org\/{rel}","templated":true}]}}