{"id":2533,"date":"2020-12-02T16:16:36","date_gmt":"2020-12-02T14:16:36","guid":{"rendered":"https:\/\/www.eis-macher.de\/?p=2533"},"modified":"2026-03-14T21:10:37","modified_gmt":"2026-03-14T20:10:37","slug":"salsa-de-vainilla-hagala-usted-mismo-de-5-ingredientes","status":"publish","type":"post","link":"https:\/\/www.eis-macher.de\/es\/rezepte\/vanille-sauce-aus-5-zutaten-selber-machen\/","title":{"rendered":"Prepare su propia salsa de vainilla con 5 ingredientes"},"content":{"rendered":"<div class=\"wp-block-image is-style-default\">\n<figure class=\"aligncenter size-large\"><a href=\"https:\/\/www.eis-macher.de\/wp-content\/uploads\/2020\/12\/Vanille-Sauce-7.jpg\"><img loading=\"lazy\" decoding=\"async\" width=\"1024\" height=\"682\" sizes=\"auto, (max-width: 1024px) 100vw, 1024px\" src=\"https:\/\/www.eis-macher.de\/wp-content\/uploads\/2020\/12\/Vanille-Sauce-7-1024x682.jpg\" alt=\"Die Vanille-Sauce schmeckt herrlich nach Vanille und ist sch\u00f6n s\u00e4mig auch ohne Ei.\" class=\"wp-image-2542\" title=\"Vanille-Sauce\" srcset=\"https:\/\/www.eis-macher.de\/wp-content\/uploads\/2020\/12\/Vanille-Sauce-7-1024x682.jpg 1024w, https:\/\/www.eis-macher.de\/wp-content\/uploads\/2020\/12\/Vanille-Sauce-7-300x200.jpg 300w, https:\/\/www.eis-macher.de\/wp-content\/uploads\/2020\/12\/Vanille-Sauce-7-768x512.jpg 768w, https:\/\/www.eis-macher.de\/wp-content\/uploads\/2020\/12\/Vanille-Sauce-7-1536x1024.jpg 1536w, https:\/\/www.eis-macher.de\/wp-content\/uploads\/2020\/12\/Vanille-Sauce-7-16x12.jpg 16w, https:\/\/www.eis-macher.de\/wp-content\/uploads\/2020\/12\/Vanille-Sauce-7-480x320.jpg 480w, https:\/\/www.eis-macher.de\/wp-content\/uploads\/2020\/12\/Vanille-Sauce-7.jpg 2000w\" data-no-translation=\"\" \/><\/a><figcaption class=\"wp-element-caption\">La salsa de vainilla sabe deliciosamente a vainilla y es agradable y cremosa incluso sin huevo.<\/figcaption><\/figure>\n<\/div>\n\n\n<p>La salsa de vainilla es <strong>Topping<\/strong> para una gran variedad de sabores de helado. Combina bien con <a class=\"rank-math-link\" href=\"https:\/\/www.eis-macher.de\/es\/recetas\/helado-de-chocolate-el-truco-de-los-multiples-sabores\/\">Helado de chocolate,<\/a> sino tambi\u00e9n variedades frutales como <a class=\"rank-math-link\" href=\"https:\/\/www.eis-macher.de\/es\/recetas\/helado-de-cereza-con-chile-para-una-patada-especial\/\">Helado de cereza<\/a> o <a href=\"https:\/\/www.eis-macher.de\/es\/recetas\/receta-del-mejor-helado-de-fresa-con-ingrediente-secreto\/\" data-type=\"post\" data-id=\"1037\">Helado de fresa<\/a>. En la estaci\u00f3n fr\u00eda tambi\u00e9n muy sabroso con gofres, libritos, alb\u00f3ndigas de levadura o strudel de manzana.<\/p>\n\n\n\n<p>Para que la salsa pueda conservarse durante m\u00e1s tiempo y no haya riesgo de salmonela, se trata de un <strong>Receta sin huevo<\/strong>.<\/p>\n\n\n\n<p>Es en s\u00f3lo <strong>10 minutos <\/strong>preparado y, si se ha trabajado limpiamente, puede conservarse en el frigor\u00edfico durante 1 semana en cualquier caso.<\/p>\n\n\n<div class=\"wp-block-image is-resized\">\n<figure class=\"aligncenter size-large\"><a href=\"https:\/\/www.eis-macher.de\/wp-content\/uploads\/2020\/12\/Vanille-Sauce-12.jpg\"><img loading=\"lazy\" decoding=\"async\" width=\"683\" height=\"1024\" sizes=\"auto, (max-width: 683px) 100vw, 683px\" src=\"https:\/\/www.eis-macher.de\/wp-content\/uploads\/2020\/12\/Vanille-Sauce-12-683x1024.jpg\" alt=\"In einem Schraubglas h\u00e4lt sich die Vanille-Sauce im K\u00fchlschrank mindestens eine Woche.\" class=\"wp-image-2543\" title=\"Vanille-Sauce\" srcset=\"https:\/\/www.eis-macher.de\/wp-content\/uploads\/2020\/12\/Vanille-Sauce-12-683x1024.jpg 683w, https:\/\/www.eis-macher.de\/wp-content\/uploads\/2020\/12\/Vanille-Sauce-12-200x300.jpg 200w, https:\/\/www.eis-macher.de\/wp-content\/uploads\/2020\/12\/Vanille-Sauce-12-768x1152.jpg 768w, https:\/\/www.eis-macher.de\/wp-content\/uploads\/2020\/12\/Vanille-Sauce-12-1024x1536.jpg 1024w, https:\/\/www.eis-macher.de\/wp-content\/uploads\/2020\/12\/Vanille-Sauce-12-8x12.jpg 8w, https:\/\/www.eis-macher.de\/wp-content\/uploads\/2020\/12\/Vanille-Sauce-12.jpg 1236w\" data-no-translation=\"\" \/><\/a><figcaption class=\"wp-element-caption\">En un tarro con tapa de rosca, la salsa de vainilla se conservar\u00e1 en el frigor\u00edfico durante al menos una semana.<\/figcaption><\/figure>\n<\/div>\n\n\n<h2 class=\"wp-block-heading\">Ingredientes salsa de vainilla<\/h2>\n\n\n\n<p>6 raciones<\/p>\n\n\n\n<ul class=\"wp-block-list\">\n<li>300 g de leche<\/li>\n\n\n\n<li>300 g de nata<\/li>\n\n\n\n<li>40 g de az\u00facar o <a href=\"https:\/\/www.amazon.de\/dp\/B07YNLKMTK?tag=eismacher-21\" target=\"_blank\" rel=\"noopener\">Az\u00facar de ca\u00f1a<\/a>*<\/li>\n\n\n\n<li>20 g de harina de ma\u00edz<\/li>\n\n\n\n<li>1\/4 <a href=\"https:\/\/www.amazon.de\/InterVanilla-Vanilleschoten-Vanilleschote-Qualit%C3%A4t-Madagaskar\/dp\/B08S4B2HS6?crid=1GV87G4ZR7CX1&amp;dib=eyJ2IjoiMSJ9.QlKIV8X96z5voHyOBEKF3993dKYYKk_g397laptpIrBoyQWQxF9aDK7T2SdThBSGllySYDGmsC3JiX3Xe1qDg2rGAV4lI6qLTL7MszxN7kHBf8oh77T2JMSjwuZq-cTpvDWNSkbugV1aTL8w08SClP_HPm-pBPdanlCakjTE8tqdcPNluw0RYZxFODAhC_DvOqnDzp4NlcosivJfwtLzVTKtUUZFCeTkR2OaA7oWcXqZWzEK6gm8esZpphb16i61b3S_H4HOMCrwiw54nnrWsNniOozg55SMycvT7SO3GQQ.6myHFp9AIrz-78AeGKM7spq2L_l2xaTuOWmBG_26gnA&amp;dib_tag=se&amp;keywords=vanilleschoten&amp;qid=1717232107&amp;refinements=p_n_feature_browse-bin%3A412972031&amp;rnid=412971031&amp;s=grocery&amp;sprefix=vanille%2Caps%2C111&amp;sr=1-3-spons&amp;sp_csd=d2lkZ2V0TmFtZT1zcF9hdGY&amp;psc=1&amp;linkCode=ll1&amp;tag=eismacher-21&amp;linkId=f134e1011d0c75f1603e9b4dc7ec184e&amp;language=de_DE&amp;ref_=as_li_ss_tl\" target=\"_blank\" rel=\"noopener\">Vaina de vainilla<\/a>*<\/li>\n<\/ul>\n\n\n\n<div class=\"aawp\">\n    <div class=\"aawp-grid aawp-grid--col-3\">\n\n            \n        <div class=\"aawp-grid__item\">\n            \n<div class=\"aawp-product aawp-product--vertical\"  data-aawp-product-asin=\"B082X67GTL\" data-aawp-product-id=\"2\" data-aawp-tracking-id=\"kadderde-21\" data-aawp-product-title=\"Bourbon Vanille aus Madagaskar 10 ganze Vanilleschoten in hoher Qualit\u00e4t und gr\u00f6\u00dfer als 16 cm Gewicht circa 30 gr Gourmetqualit\u00e4t in praktischer Vakuumverpackung f\u00fcr l\u00e4ngere Haltbarkeit\" data-aawp-local-click-tracking=\"1\">\n\n    \n    <a class=\"aawp-product__image--link aawp-product__image\" href=\"https:\/\/www.amazon.de\/dp\/B082X67GTL?tag=kadderde-21&amp;linkCode=ogi&amp;th=1&amp;psc=1\" title=\"Vainilla Bourbon de Madagascar, 10 vainas de vainilla enteras de alta calidad y de tama\u00f1o superior a 16 cm, peso aprox. 30 gr, calidad gourmet, en pr\u00e1ctico envase al vac\u00edo para una mayor conservaci\u00f3n.\" rel=\"nofollow noopener sponsored\" target=\"_blank\">\n        <img decoding=\"async\" class=\"aawp-product__image\" src=\"https:\/\/www.eis-macher.de\/wp-content\/plugins\/aawp\/public\/image.php?url=YUhSMGNITTZMeTl0TG0xbFpHbGhMV0Z0WVhwdmJpNWpiMjB2YVcxaFoyVnpMMGt2TkRGWU1GRlljRXhHVDB3dWFuQm58MTc3Nzg5MTQyMw=\" alt=\"Bourbon Vanille aus Madagaskar, 10 ganze Vanilleschoten in hoher Qualit\u00e4t und gr\u00f6\u00dfer als 16 cm, Gewicht circa 30 gr, Gourmetqualit\u00e4t, in praktischer Vakuumverpackung f\u00fcr l\u00e4ngere Haltbarkeit\" data-no-translation=\"\"  \/>\n    <\/a>\n\n    <div class=\"aawp-product__content\">\n        <a class=\"aawp-product__title\" href=\"https:\/\/www.amazon.de\/dp\/B082X67GTL?tag=kadderde-21&amp;linkCode=ogi&amp;th=1&amp;psc=1\" title=\"Vainilla Bourbon de Madagascar, 10 vainas de vainilla enteras de alta calidad y de tama\u00f1o superior a 16 cm, peso aprox. 30 gr, calidad gourmet, en pr\u00e1ctico envase al vac\u00edo para una mayor conservaci\u00f3n.\" rel=\"nofollow noopener sponsored\" target=\"_blank\">\n            Vainilla Bourbon de Madagascar, 10...        <\/a>\n\n        <div class=\"aawp-product__meta\">\n            \n                    <\/div>\n    <\/div>\n\n    <div class=\"aawp-product__footer\">\n\n        <div class=\"aawp-product__pricing\">\n\n            \n                            <span class=\"aawp-product__price aawp-product__price--current\">14,99 EUR<\/span>\n                    <\/div>\n\n                <a class=\"aawp-button aawp-button--buy aawp-button aawp-button--amazon aawp-button--icon aawp-button--icon-black\" href=\"https:\/\/www.amazon.de\/dp\/B082X67GTL?tag=kadderde-21&#038;linkCode=ogi&#038;th=1&#038;psc=1\" title=\"Comprar en Amazon\" target=\"_blank\" rel=\"nofollow noopener sponsored\">Comprar en Amazon<\/a>\n            <\/div>\n<\/div>\n        <\/div>\n\n            \n        <div class=\"aawp-grid__item\">\n            \n<div class=\"aawp-product aawp-product--vertical\"  data-aawp-product-asin=\"B071D4KKZS\" data-aawp-product-id=\"3\" data-aawp-tracking-id=\"kadderde-21\" data-aawp-product-title=\"Berchtesgadener Land BGL Haltbare Bio-Alpenmilch 3,5% Fett  6 x 1000 ml\" data-aawp-local-click-tracking=\"1\">\n\n    \n    <a class=\"aawp-product__image--link aawp-product__image\" href=\"https:\/\/www.amazon.de\/dp\/B071D4KKZS?tag=kadderde-21&amp;linkCode=ogi&amp;th=1&amp;psc=1\" title=\"Berchtesgadener Land BGL leche alpina ecol\u00f3gica de larga duraci\u00f3n 3.5% grasa (6 x 1000 ml)\" rel=\"nofollow noopener sponsored\" target=\"_blank\">\n        <img decoding=\"async\" class=\"aawp-product__image\" src=\"https:\/\/www.eis-macher.de\/wp-content\/plugins\/aawp\/public\/image.php?url=YUhSMGNITTZMeTl0TG0xbFpHbGhMV0Z0WVhwdmJpNWpiMjB2YVcxaFoyVnpMMGt2TkRGSE9FeFRUMEpHYWt3dWFuQm58MTc3Nzg5MTQyMw=\" alt=\"Berchtesgadener Land BGL Haltbare Bio-Alpenmilch 3,5% Fett (6 x 1000 ml)\" data-no-translation=\"\"  \/>\n    <\/a>\n\n    <div class=\"aawp-product__content\">\n        <a class=\"aawp-product__title\" href=\"https:\/\/www.amazon.de\/dp\/B071D4KKZS?tag=kadderde-21&amp;linkCode=ogi&amp;th=1&amp;psc=1\" title=\"Berchtesgadener Land BGL leche alpina ecol\u00f3gica de larga duraci\u00f3n 3.5% grasa (6 x 1000 ml)\" rel=\"nofollow noopener sponsored\" target=\"_blank\">\n            Leche ecol\u00f3gica alpina de larga duraci\u00f3n Berchtesgadener Land BGL...        <\/a>\n\n        <div class=\"aawp-product__meta\">\n            \n                    <\/div>\n    <\/div>\n\n    <div class=\"aawp-product__footer\">\n\n        <div class=\"aawp-product__pricing\">\n\n            \n                            <span class=\"aawp-product__price aawp-product__price--current\"><\/span>\n                    <\/div>\n\n                <a class=\"aawp-button aawp-button--buy aawp-button aawp-button--amazon aawp-button--icon aawp-button--icon-black\" href=\"https:\/\/www.amazon.de\/dp\/B071D4KKZS?tag=kadderde-21&#038;linkCode=ogi&#038;th=1&#038;psc=1\" title=\"Comprar en Amazon\" target=\"_blank\" rel=\"nofollow noopener sponsored\">Comprar en Amazon<\/a>\n            <\/div>\n<\/div>\n        <\/div>\n\n            \n        <div class=\"aawp-grid__item\">\n            \n<div class=\"aawp-product aawp-product--vertical\"  data-aawp-product-asin=\"B072MLYT1Z\" data-aawp-product-id=\"4\" data-aawp-tracking-id=\"kadderde-21\" data-aawp-product-title=\"RUF Bio Speisest\u00e4rke reine Maisst\u00e4rke ideal f\u00fcr lockeres Geb\u00e4ck zum Binden von So\u00dfen und Frucht-Kompott glutenfrei und vegan\" data-aawp-local-click-tracking=\"1\">\n\n    \n    <a class=\"aawp-product__image--link aawp-product__image\" href=\"https:\/\/www.amazon.de\/dp\/B072MLYT1Z?tag=kadderde-21&amp;linkCode=ogi&amp;th=1&amp;psc=1\" title=\"Harina de ma\u00edz ecol\u00f3gica RUF, almid\u00f3n de ma\u00edz puro, ideal para esponjar pasteles, para espesar salsas y compotas de frutas, sin gluten y vegana\" rel=\"nofollow noopener sponsored\" target=\"_blank\">\n        <img decoding=\"async\" class=\"aawp-product__image\" src=\"https:\/\/www.eis-macher.de\/wp-content\/plugins\/aawp\/public\/image.php?url=YUhSMGNITTZMeTl0TG0xbFpHbGhMV0Z0WVhwdmJpNWpiMjB2YVcxaFoyVnpMMGt2TlRGWlprMUJXbVZMYmt3dWFuQm58MTc3Nzg5MTQyMw=\" alt=\"RUF Bio Speisest\u00e4rke, reine Maisst\u00e4rke, ideal f\u00fcr lockeres Geb\u00e4ck, zum Binden von So\u00dfen und Frucht-Kompott, glutenfrei und vegan\" data-no-translation=\"\"  \/>\n    <\/a>\n\n    <div class=\"aawp-product__content\">\n        <a class=\"aawp-product__title\" href=\"https:\/\/www.amazon.de\/dp\/B072MLYT1Z?tag=kadderde-21&amp;linkCode=ogi&amp;th=1&amp;psc=1\" title=\"Harina de ma\u00edz ecol\u00f3gica RUF, almid\u00f3n de ma\u00edz puro, ideal para esponjar pasteles, para espesar salsas y compotas de frutas, sin gluten y vegana\" rel=\"nofollow noopener sponsored\" target=\"_blank\">\n            Harina de ma\u00edz ecol\u00f3gica RUF, almid\u00f3n de ma\u00edz puro, ideal para...        <\/a>\n\n        <div class=\"aawp-product__meta\">\n            \n            <a href=\"https:\/\/www.amazon.de\/gp\/prime\/?tag=kadderde-21\" title=\"Amazon Prime\" rel=\"nofollow noopener sponsored\" target=\"_blank\" class=\"aawp-check-prime\"><img loading=\"lazy\" decoding=\"async\" src=\"https:\/\/www.eis-macher.de\/wp-content\/plugins\/aawp\/assets\/img\/icon-check-prime.svg\" height=\"16\" width=\"55\" alt=\"Amazon Prime\" data-no-translation=\"\" \/><\/a>        <\/div>\n    <\/div>\n\n    <div class=\"aawp-product__footer\">\n\n        <div class=\"aawp-product__pricing\">\n\n            \n                            <span class=\"aawp-product__price aawp-product__price--current\">2,29 EUR<\/span>\n                    <\/div>\n\n                <a class=\"aawp-button aawp-button--buy aawp-button aawp-button--amazon aawp-button--icon aawp-button--icon-black\" href=\"https:\/\/www.amazon.de\/dp\/B072MLYT1Z?tag=kadderde-21&#038;linkCode=ogi&#038;th=1&#038;psc=1\" title=\"Comprar en Amazon\" target=\"_blank\" rel=\"nofollow noopener sponsored\">Comprar en Amazon<\/a>\n            <\/div>\n<\/div>\n        <\/div>\n\n            \n        <div class=\"aawp-grid__item\">\n            \n<div class=\"aawp-product aawp-product--vertical\"  data-aawp-product-asin=\"B07YNLKMTK\" data-aawp-product-id=\"5\" data-aawp-tracking-id=\"kadderde-21\" data-aawp-product-title=\"Reformhaus Rohrohrzucker Bio 1 kg\" data-aawp-local-click-tracking=\"1\">\n\n    \n    <a class=\"aawp-product__image--link aawp-product__image\" href=\"https:\/\/www.amazon.de\/dp\/B07YNLKMTK?tag=kadderde-21&amp;linkCode=ogi&amp;th=1&amp;psc=1\" title=\"Tienda de diet\u00e9tica az\u00facar de ca\u00f1a en bruto ecol\u00f3gico, 1 kg\" rel=\"nofollow noopener sponsored\" target=\"_blank\">\n        <img decoding=\"async\" class=\"aawp-product__image\" src=\"https:\/\/www.eis-macher.de\/wp-content\/plugins\/aawp\/public\/image.php?url=YUhSMGNITTZMeTl0TG0xbFpHbGhMV0Z0WVhwdmJpNWpiMjB2YVcxaFoyVnpMMGt2TkRFNFJXcHRSVFpEYUV3dWFuQm58MTc3Nzg5MTQyMw=\" alt=\"Reformhaus Rohrohrzucker Bio, 1 kg\" data-no-translation=\"\"  \/>\n    <\/a>\n\n    <div class=\"aawp-product__content\">\n        <a class=\"aawp-product__title\" href=\"https:\/\/www.amazon.de\/dp\/B07YNLKMTK?tag=kadderde-21&amp;linkCode=ogi&amp;th=1&amp;psc=1\" title=\"Tienda de diet\u00e9tica az\u00facar de ca\u00f1a en bruto ecol\u00f3gico, 1 kg\" rel=\"nofollow noopener sponsored\" target=\"_blank\">\n            Tienda de diet\u00e9tica az\u00facar de ca\u00f1a en bruto ecol\u00f3gico, 1 kg        <\/a>\n\n        <div class=\"aawp-product__meta\">\n            \n            <a href=\"https:\/\/www.amazon.de\/gp\/prime\/?tag=kadderde-21\" title=\"Amazon Prime\" rel=\"nofollow noopener sponsored\" target=\"_blank\" class=\"aawp-check-prime\"><img loading=\"lazy\" decoding=\"async\" src=\"https:\/\/www.eis-macher.de\/wp-content\/plugins\/aawp\/assets\/img\/icon-check-prime.svg\" height=\"16\" width=\"55\" alt=\"Amazon Prime\" data-no-translation=\"\" \/><\/a>        <\/div>\n    <\/div>\n\n    <div class=\"aawp-product__footer\">\n\n        <div class=\"aawp-product__pricing\">\n\n            \n                            <span class=\"aawp-product__price aawp-product__price--current\">4,99 EUR<\/span>\n                    <\/div>\n\n                <a class=\"aawp-button aawp-button--buy aawp-button aawp-button--amazon aawp-button--icon aawp-button--icon-black\" href=\"https:\/\/www.amazon.de\/dp\/B07YNLKMTK?tag=kadderde-21&#038;linkCode=ogi&#038;th=1&#038;psc=1\" title=\"Comprar en Amazon\" target=\"_blank\" rel=\"nofollow noopener sponsored\">Comprar en Amazon<\/a>\n            <\/div>\n<\/div>\n        <\/div>\n\n            \n        <div class=\"aawp-grid__item\">\n            \n<div class=\"aawp-product aawp-product--vertical\"  data-aawp-product-asin=\"B0B1DFFXHG\" data-aawp-product-id=\"6\" data-aawp-tracking-id=\"kadderde-21\" data-aawp-product-title=\"Newaner 10kg\/ 1g K\u00fcchenwaage elektronische Edelstahl Digitalwaage mit Led Display und Tara Funktion feinwaage Abstellautomatik mit 6 Ma\u00dfeinheit Wiegen von Lebensmitteln zum Kochen Backen Mixen\" data-aawp-local-click-tracking=\"1\">\n\n    \n    <a class=\"aawp-product__image--link aawp-product__image\" href=\"https:\/\/www.amazon.de\/dp\/B0B1DFFXHG?tag=kadderde-21&amp;linkCode=ogi&amp;th=1&amp;psc=1\" title=\"Newaner 10kg\/ 1g balanza de cocina electr\u00f3nica, balanza digital de acero inoxidable con pantalla Led y funci\u00f3n tara, balanza fina nivelaci\u00f3n autom\u00e1tica con 6 unidades de medida, pesaje de alimentos para cocinar, hornear, mezclar\" rel=\"nofollow noopener sponsored\" target=\"_blank\">\n        <img decoding=\"async\" class=\"aawp-product__image\" src=\"https:\/\/www.eis-macher.de\/wp-content\/plugins\/aawp\/public\/image.php?url=YUhSMGNITTZMeTl0TG0xbFpHbGhMV0Z0WVhwdmJpNWpiMjB2YVcxaFoyVnpMMGt2TXpGWmNESkdibTg1YTB3dWFuQm58MTc3Nzg5MTQyMw=\" alt=\"Newaner 10kg\/ 1g K\u00fcchenwaage elektronische, Edelstahl Digitalwaage mit Led Display und Tara Funktion, feinwaage Abstellautomatik mit 6 Ma\u00dfeinheit, Wiegen von Lebensmitteln zum Kochen, Backen, Mixen\" data-no-translation=\"\"  \/>\n    <\/a>\n\n    <div class=\"aawp-product__content\">\n        <a class=\"aawp-product__title\" href=\"https:\/\/www.amazon.de\/dp\/B0B1DFFXHG?tag=kadderde-21&amp;linkCode=ogi&amp;th=1&amp;psc=1\" title=\"Newaner 10kg\/ 1g balanza de cocina electr\u00f3nica, balanza digital de acero inoxidable con pantalla Led y funci\u00f3n tara, balanza fina nivelaci\u00f3n autom\u00e1tica con 6 unidades de medida, pesaje de alimentos para cocinar, hornear, mezclar\" rel=\"nofollow noopener sponsored\" target=\"_blank\">\n            Newaner 10kg\/ 1g balanza de cocina electr\u00f3nica...        <\/a>\n\n        <div class=\"aawp-product__meta\">\n            \n                    <\/div>\n    <\/div>\n\n    <div class=\"aawp-product__footer\">\n\n        <div class=\"aawp-product__pricing\">\n\n            \n                            <span class=\"aawp-product__price aawp-product__price--current\"><\/span>\n                    <\/div>\n\n                <a class=\"aawp-button aawp-button--buy aawp-button aawp-button--amazon aawp-button--icon aawp-button--icon-black\" href=\"https:\/\/www.amazon.de\/dp\/B0B1DFFXHG?tag=kadderde-21&#038;linkCode=ogi&#038;th=1&#038;psc=1\" title=\"Comprar en Amazon\" target=\"_blank\" rel=\"nofollow noopener sponsored\">Comprar en Amazon<\/a>\n            <\/div>\n<\/div>\n        <\/div>\n\n    \n    <\/div>\n<\/div>\n<p class=\"aawp-disclaimer\">\u00daltima actualizaci\u00f3n el 2026-04-20 \/ Enlaces de afiliados \/ Im\u00e1genes de la API de publicidad de productos de Amazon<\/p>\n\n\n\n<h2 class=\"wp-block-heading\">Preparaci\u00f3n<\/h2>\n\n\n\n<p>Tiempo de preparaci\u00f3n aprox. 10 minutos<\/p>\n\n\n\n<ul class=\"wp-block-list\">\n<li>Mezclar la f\u00e9cula con unas cucharadas de leche fr\u00eda en un cuenco hasta que est\u00e9 completamente disuelta sin grumos.<\/li>\n<\/ul>\n\n\n<div class=\"wp-block-image is-resized is-style-default\">\n<figure class=\"aligncenter size-large\"><a href=\"https:\/\/www.eis-macher.de\/wp-content\/uploads\/2020\/12\/Vanille-Sauce-1.jpg\"><img loading=\"lazy\" decoding=\"async\" width=\"1024\" height=\"1024\" sizes=\"auto, (max-width: 1024px) 100vw, 1024px\" src=\"https:\/\/www.eis-macher.de\/wp-content\/uploads\/2020\/12\/Vanille-Sauce-1-1024x1024.jpg\" alt=\"Die St\u00e4rke in ein paar Essl\u00f6ffeln kalter Milch aufl\u00f6sen.\" class=\"wp-image-2536\" title=\"Vanille-Sauce\" srcset=\"https:\/\/www.eis-macher.de\/wp-content\/uploads\/2020\/12\/Vanille-Sauce-1-1024x1024.jpg 1024w, https:\/\/www.eis-macher.de\/wp-content\/uploads\/2020\/12\/Vanille-Sauce-1-150x150.jpg 150w, https:\/\/www.eis-macher.de\/wp-content\/uploads\/2020\/12\/Vanille-Sauce-1-300x300.jpg 300w, https:\/\/www.eis-macher.de\/wp-content\/uploads\/2020\/12\/Vanille-Sauce-1-768x768.jpg 768w, https:\/\/www.eis-macher.de\/wp-content\/uploads\/2020\/12\/Vanille-Sauce-1-12x12.jpg 12w, https:\/\/www.eis-macher.de\/wp-content\/uploads\/2020\/12\/Vanille-Sauce-1.jpg 1386w\" data-no-translation=\"\" \/><\/a><figcaption class=\"wp-element-caption\">Disolver el almid\u00f3n en unas cucharadas de leche fr\u00eda.<\/figcaption><\/figure>\n<\/div>\n\n\n<ul class=\"wp-block-list\">\n<li>Calentar el resto de la leche en un cazo con el az\u00facar.<\/li>\n\n\n\n<li>A\u00f1adir la pulpa de la vaina de vainilla y la vaina misma y seguir calentando, removiendo, hasta justo antes de hervir.<\/li>\n<\/ul>\n\n\n<div class=\"wp-block-image is-resized\">\n<figure class=\"aligncenter size-large\"><a href=\"https:\/\/www.eis-macher.de\/wp-content\/uploads\/2020\/12\/Vanille-Sauce-2.jpg\"><img loading=\"lazy\" decoding=\"async\" width=\"1024\" height=\"1024\" sizes=\"auto, (max-width: 1024px) 100vw, 1024px\" src=\"https:\/\/www.eis-macher.de\/wp-content\/uploads\/2020\/12\/Vanille-Sauce-2-1024x1024.jpg\" alt=\"Vanillemark und Schote in den Topf zur Milch geben.\" class=\"wp-image-2537\" title=\"Vanille-Sauce\" srcset=\"https:\/\/www.eis-macher.de\/wp-content\/uploads\/2020\/12\/Vanille-Sauce-2-1024x1024.jpg 1024w, https:\/\/www.eis-macher.de\/wp-content\/uploads\/2020\/12\/Vanille-Sauce-2-150x150.jpg 150w, https:\/\/www.eis-macher.de\/wp-content\/uploads\/2020\/12\/Vanille-Sauce-2-300x300.jpg 300w, https:\/\/www.eis-macher.de\/wp-content\/uploads\/2020\/12\/Vanille-Sauce-2-768x768.jpg 768w, https:\/\/www.eis-macher.de\/wp-content\/uploads\/2020\/12\/Vanille-Sauce-2-12x12.jpg 12w, https:\/\/www.eis-macher.de\/wp-content\/uploads\/2020\/12\/Vanille-Sauce-2.jpg 1183w\" data-no-translation=\"\" \/><\/a><figcaption class=\"wp-element-caption\">A\u00f1adir la pulpa y la vaina de vainilla a la leche de la olla.<\/figcaption><\/figure>\n<\/div>\n\n\n<ul class=\"wp-block-list\">\n<li>Retire la olla del plato.<\/li>\n\n\n\n<li>Incorporar la f\u00e9cula disuelta en la leche con un batidor.<\/li>\n<\/ul>\n\n\n<div class=\"wp-block-image is-resized\">\n<figure class=\"aligncenter size-large\"><a href=\"https:\/\/www.eis-macher.de\/wp-content\/uploads\/2020\/12\/Vanille-Sauce-3.jpg\"><img loading=\"lazy\" decoding=\"async\" width=\"1024\" height=\"1024\" sizes=\"auto, (max-width: 1024px) 100vw, 1024px\" src=\"https:\/\/www.eis-macher.de\/wp-content\/uploads\/2020\/12\/Vanille-Sauce-3-1024x1024.jpg\" alt=\"Die aufgel\u00f6ste St\u00e4rke in die warme Milch einr\u00fchren.\" class=\"wp-image-2538\" title=\"Vanille-Sauce\" srcset=\"https:\/\/www.eis-macher.de\/wp-content\/uploads\/2020\/12\/Vanille-Sauce-3-1024x1024.jpg 1024w, https:\/\/www.eis-macher.de\/wp-content\/uploads\/2020\/12\/Vanille-Sauce-3-150x150.jpg 150w, https:\/\/www.eis-macher.de\/wp-content\/uploads\/2020\/12\/Vanille-Sauce-3-300x300.jpg 300w, https:\/\/www.eis-macher.de\/wp-content\/uploads\/2020\/12\/Vanille-Sauce-3-768x768.jpg 768w, https:\/\/www.eis-macher.de\/wp-content\/uploads\/2020\/12\/Vanille-Sauce-3-12x12.jpg 12w, https:\/\/www.eis-macher.de\/wp-content\/uploads\/2020\/12\/Vanille-Sauce-3.jpg 1321w\" data-no-translation=\"\" \/><\/a><figcaption class=\"wp-element-caption\">Remover el almid\u00f3n disuelto en la leche caliente.<\/figcaption><\/figure>\n<\/div>\n\n\n<ul class=\"wp-block-list\">\n<li>Volver a poner el cazo sobre la plancha y llevar a ebullici\u00f3n una vez, removiendo.<\/li>\n<\/ul>\n\n\n<div class=\"wp-block-image is-resized\">\n<figure class=\"aligncenter size-large\"><a href=\"https:\/\/www.eis-macher.de\/wp-content\/uploads\/2020\/12\/Vanille-Sauce-4.jpg\"><img loading=\"lazy\" decoding=\"async\" width=\"1024\" height=\"1024\" sizes=\"auto, (max-width: 1024px) 100vw, 1024px\" src=\"https:\/\/www.eis-macher.de\/wp-content\/uploads\/2020\/12\/Vanille-Sauce-4-1024x1024.jpg\" alt=\"Die Vanille-Sauce dickt durch das Erhitzen sehr schnell ein.\" class=\"wp-image-2539\" title=\"Vanille-Sauce\" srcset=\"https:\/\/www.eis-macher.de\/wp-content\/uploads\/2020\/12\/Vanille-Sauce-4-1024x1024.jpg 1024w, https:\/\/www.eis-macher.de\/wp-content\/uploads\/2020\/12\/Vanille-Sauce-4-150x150.jpg 150w, https:\/\/www.eis-macher.de\/wp-content\/uploads\/2020\/12\/Vanille-Sauce-4-300x300.jpg 300w, https:\/\/www.eis-macher.de\/wp-content\/uploads\/2020\/12\/Vanille-Sauce-4-768x768.jpg 768w, https:\/\/www.eis-macher.de\/wp-content\/uploads\/2020\/12\/Vanille-Sauce-4-12x12.jpg 12w, https:\/\/www.eis-macher.de\/wp-content\/uploads\/2020\/12\/Vanille-Sauce-4.jpg 1504w\" data-no-translation=\"\" \/><\/a><figcaption class=\"wp-element-caption\">La salsa de vainilla espesa muy r\u00e1pidamente cuando se calienta.<\/figcaption><\/figure>\n<\/div>\n\n\n<ul class=\"wp-block-list\">\n<li>Deje que la salsa se enfr\u00ede un poco mientras agita bien la nata (el recipiente debe estar herm\u00e9tico o a\u00fan no abierto) o espume la nata con un espumador de leche. Tambi\u00e9n se puede omitir este paso.<\/li>\n\n\n\n<li>A\u00f1adir la cantidad adecuada de nata al cazo con la mezcla de leche y vainilla y remover bien. Si se forman grumos, calentar de nuevo sin dejar de remover.<\/li>\n<\/ul>\n\n\n<div class=\"wp-block-image is-resized\">\n<figure class=\"aligncenter size-large\"><a href=\"https:\/\/www.eis-macher.de\/wp-content\/uploads\/2020\/12\/Vanille-Sauce-5.jpg\"><img loading=\"lazy\" decoding=\"async\" width=\"1024\" height=\"1024\" sizes=\"auto, (max-width: 1024px) 100vw, 1024px\" src=\"https:\/\/www.eis-macher.de\/wp-content\/uploads\/2020\/12\/Vanille-Sauce-5-1024x1024.jpg\" alt=\"Am Ende die aufgesch\u00fcttelte Sahne dazugeben und unterr\u00fchren.\" class=\"wp-image-2540\" title=\"Vanille-Sauce\" srcset=\"https:\/\/www.eis-macher.de\/wp-content\/uploads\/2020\/12\/Vanille-Sauce-5-1024x1024.jpg 1024w, https:\/\/www.eis-macher.de\/wp-content\/uploads\/2020\/12\/Vanille-Sauce-5-150x150.jpg 150w, https:\/\/www.eis-macher.de\/wp-content\/uploads\/2020\/12\/Vanille-Sauce-5-300x300.jpg 300w, https:\/\/www.eis-macher.de\/wp-content\/uploads\/2020\/12\/Vanille-Sauce-5-768x768.jpg 768w, https:\/\/www.eis-macher.de\/wp-content\/uploads\/2020\/12\/Vanille-Sauce-5-1536x1536.jpg 1536w, https:\/\/www.eis-macher.de\/wp-content\/uploads\/2020\/12\/Vanille-Sauce-5-12x12.jpg 12w, https:\/\/www.eis-macher.de\/wp-content\/uploads\/2020\/12\/Vanille-Sauce-5.jpg 1774w\" data-no-translation=\"\" \/><\/a><figcaption class=\"wp-element-caption\">Al final, a\u00f1adir la nata montada y remover.<\/figcaption><\/figure>\n<\/div>\n\n\n<p>La salsa <strong>Servir inmediatamente<\/strong> o a\u00fan <strong>calentar en un recipiente limpio<\/strong> y gu\u00e1rdelo en el frigor\u00edfico.<\/p>\n\n\n<div class=\"wp-block-image is-resized\">\n<figure class=\"aligncenter size-large\"><a href=\"https:\/\/www.eis-macher.de\/wp-content\/uploads\/2020\/12\/Vanille-Sauce-6.jpg\"><img loading=\"lazy\" decoding=\"async\" width=\"1024\" height=\"1024\" sizes=\"auto, (max-width: 1024px) 100vw, 1024px\" src=\"https:\/\/www.eis-macher.de\/wp-content\/uploads\/2020\/12\/Vanille-Sauce-6-1024x1024.jpg\" alt=\"Eine herrlich s\u00e4mige Vanille-Sauce, die in nur 10 Minuten aus 5 Zutaten hergestellt werden kann. \" class=\"wp-image-2541\" title=\"Vanille-Sauce\" srcset=\"https:\/\/www.eis-macher.de\/wp-content\/uploads\/2020\/12\/Vanille-Sauce-6-1024x1024.jpg 1024w, https:\/\/www.eis-macher.de\/wp-content\/uploads\/2020\/12\/Vanille-Sauce-6-150x150.jpg 150w, https:\/\/www.eis-macher.de\/wp-content\/uploads\/2020\/12\/Vanille-Sauce-6-300x300.jpg 300w, https:\/\/www.eis-macher.de\/wp-content\/uploads\/2020\/12\/Vanille-Sauce-6-768x768.jpg 768w, https:\/\/www.eis-macher.de\/wp-content\/uploads\/2020\/12\/Vanille-Sauce-6-12x12.jpg 12w, https:\/\/www.eis-macher.de\/wp-content\/uploads\/2020\/12\/Vanille-Sauce-6.jpg 1197w\" data-no-translation=\"\" \/><\/a><figcaption class=\"wp-element-caption\">Una salsa de vainilla deliciosamente cremosa que se prepara en s\u00f3lo 10 minutos con 5 ingredientes. <\/figcaption><\/figure>\n<\/div>\n\n\n<h2 class=\"wp-block-heading\">Consejos salsa de vainilla<\/h2>\n\n\n\n<ul class=\"wp-block-list\">\n<li>Por qu\u00e9 s\u00f3lo debes usar vainilla aut\u00e9ntica y todo lo que necesitas saber lo encontrar\u00e1s en mi <a class=\"rank-math-link\" href=\"https:\/\/www.eis-macher.de\/es\/produccion-de-helados\/vainilla-y-vanillina-diferencia-simplemente-explicada\/\">Art\u00edculos sobre vainilla y vainillina<\/a> leer.<\/li>\n\n\n\n<li>En primer lugar, corte la vaina de vainilla longitudinalmente con un cuchillo afilado. Aseg\u00farese de no cortarla por completo, sino s\u00f3lo la pared exterior. A continuaci\u00f3n, raspe la pulpa de vainilla con el mango de una cuchara (v\u00e9ase la imagen de abajo).<\/li>\n<\/ul>\n\n\n\n<p><\/p>\n\n\n<div class=\"wp-block-image is-resized is-style-default\">\n<figure class=\"aligncenter size-large\"><a href=\"https:\/\/www.eis-macher.de\/wp-content\/uploads\/2020\/12\/Vanille-11.jpg\"><img loading=\"lazy\" decoding=\"async\" width=\"682\" height=\"1024\" sizes=\"auto, (max-width: 682px) 100vw, 682px\" src=\"https:\/\/www.eis-macher.de\/wp-content\/uploads\/2020\/12\/Vanille-11-682x1024.jpg\" alt=\"Das Vanillemark mit einem L\u00f6ffelstiel aus der Schote herauskratzen. Im Bild ist eine besondere Vanilleschote (Vanille bleue) zu sehen, daher wirkt das Mark sehr feucht.\" class=\"wp-image-2535\" title=\"Vanille\" srcset=\"https:\/\/www.eis-macher.de\/wp-content\/uploads\/2020\/12\/Vanille-11-682x1024.jpg 682w, https:\/\/www.eis-macher.de\/wp-content\/uploads\/2020\/12\/Vanille-11-200x300.jpg 200w, https:\/\/www.eis-macher.de\/wp-content\/uploads\/2020\/12\/Vanille-11-768x1152.jpg 768w, https:\/\/www.eis-macher.de\/wp-content\/uploads\/2020\/12\/Vanille-11-1024x1536.jpg 1024w, https:\/\/www.eis-macher.de\/wp-content\/uploads\/2020\/12\/Vanille-11-8x12.jpg 8w, https:\/\/www.eis-macher.de\/wp-content\/uploads\/2020\/12\/Vanille-11.jpg 1063w\" data-no-translation=\"\" \/><\/a><figcaption class=\"wp-element-caption\">Raspe la pulpa de vainilla de la vaina con el mango de una cuchara. La imagen muestra una vaina de vainilla especial (vainilla bleue), por lo que la pulpa parece muy h\u00fameda.<\/figcaption><\/figure>\n<\/div>\n\n\n<ul class=\"wp-block-list\">\n<li>Si le falta el tono amarillento de la versi\u00f3n con huevo, puede a\u00f1adir una pizca de c\u00farcuma. O puede utilizar az\u00facar moreno, por ejemplo <a href=\"https:\/\/www.amazon.de\/dp\/B07YNLKMTK?tag=eismacher-21\" target=\"_blank\" rel=\"noopener\">Az\u00facar de ca\u00f1a sin refinar<\/a>*. Se obtiene un color beige claro.<\/li>\n\n\n\n<li>Deje la vaina de vainilla en las natillas. Esto hace que desprenda a\u00fan m\u00e1s sabor. Con el tiempo, el sabor a vainilla se vuelve m\u00e1s intenso. <\/li>\n<\/ul>\n\n\n\n<p>M\u00e1s <a href=\"https:\/\/www.eis-macher.de\/es\/etiqueta\/coberturas\/\">Salsas f\u00e1ciles y r\u00e1pidas de preparar con pocos ingredientes.<\/a> puede hacer usted mismo, tambi\u00e9n encontrar\u00e1 en mi sitio, incluyendo varios <a href=\"https:\/\/www.eis-macher.de\/es\/recetas\/salsa-de-caramelo-deliciosamente-aterciopelada\/\" data-type=\"post\" data-id=\"212\">Salsas de caramelo<\/a>, <a href=\"https:\/\/www.eis-macher.de\/es\/recetas\/salsa-de-chocolate-muy-simple-autofabricada\/\" data-type=\"post\" data-id=\"681\">Salsa de chocolate<\/a> o <a href=\"https:\/\/www.eis-macher.de\/es\/recetas\/salsa-de-fresas-en-3-minutos\/\" data-type=\"post\" data-id=\"736\">Salsa de fresa<\/a>.<\/p>\n\n\n\n<p>Me gusta especialmente la salsa de vainilla con <a href=\"https:\/\/www.eis-macher.de\/es\/recetas\/receta-de-hielo-de-melocoton-de-5-ingredientes\/\" data-type=\"post\" data-id=\"2606\">Helado de melocot\u00f3n<\/a> o <a href=\"https:\/\/www.eis-macher.de\/es\/recetas\/cassis-ice-cream-a-milk-ice-cream-con-grosella-negra\/\" data-type=\"post\" data-id=\"571\">Helado de Cassis<\/a>.<\/p>\n\n\n\n<hr class=\"wp-block-separator has-alpha-channel-opacity\"\/>\n\n\n\n<p><\/p>","protected":false},"excerpt":{"rendered":"<p>Esta receta de salsa de vainilla puede hacerse sin huevo y en s\u00f3lo 10 minutos. No querr\u00e1 volver a comprar salsa de vainilla.<\/p>","protected":false},"author":2,"featured_media":2542,"comment_status":"open","ping_status":"open","sticky":false,"template":"","format":"standard","meta":{"_acf_changed":false,"wprm-recipe-roundup-name":"","wprm-recipe-roundup-description":"","footnotes":""},"categories":[1],"tags":[22,18,31,17],"class_list":["post-2533","post","type-post","status-publish","format-standard","has-post-thumbnail","hentry","category-rezepte","tag-dessert","tag-eisbecher","tag-klassiker","tag-toppings"],"acf":[],"_links":{"self":[{"href":"https:\/\/www.eis-macher.de\/es\/wp-json\/wp\/v2\/posts\/2533","targetHints":{"allow":["GET"]}}],"collection":[{"href":"https:\/\/www.eis-macher.de\/es\/wp-json\/wp\/v2\/posts"}],"about":[{"href":"https:\/\/www.eis-macher.de\/es\/wp-json\/wp\/v2\/types\/post"}],"author":[{"embeddable":true,"href":"https:\/\/www.eis-macher.de\/es\/wp-json\/wp\/v2\/users\/2"}],"replies":[{"embeddable":true,"href":"https:\/\/www.eis-macher.de\/es\/wp-json\/wp\/v2\/comments?post=2533"}],"version-history":[{"count":14,"href":"https:\/\/www.eis-macher.de\/es\/wp-json\/wp\/v2\/posts\/2533\/revisions"}],"predecessor-version":[{"id":9271,"href":"https:\/\/www.eis-macher.de\/es\/wp-json\/wp\/v2\/posts\/2533\/revisions\/9271"}],"wp:featuredmedia":[{"embeddable":true,"href":"https:\/\/www.eis-macher.de\/es\/wp-json\/wp\/v2\/media\/2542"}],"wp:attachment":[{"href":"https:\/\/www.eis-macher.de\/es\/wp-json\/wp\/v2\/media?parent=2533"}],"wp:term":[{"taxonomy":"category","embeddable":true,"href":"https:\/\/www.eis-macher.de\/es\/wp-json\/wp\/v2\/categories?post=2533"},{"taxonomy":"post_tag","embeddable":true,"href":"https:\/\/www.eis-macher.de\/es\/wp-json\/wp\/v2\/tags?post=2533"}],"curies":[{"name":"wp","href":"https:\/\/api.w.org\/{rel}","templated":true}]}}